{"id":911,"date":"2023-10-28T23:20:12","date_gmt":"2023-10-28T23:20:12","guid":{"rendered":"https:\/\/escuelasantalucia.edu.ar\/?p=911"},"modified":"2023-10-28T23:20:37","modified_gmt":"2023-10-28T23:20:37","slug":"cronograma-actividades-40-anos-de-democracia","status":"publish","type":"post","link":"https:\/\/escuelasantalucia.edu.ar\/index.php\/2023\/10\/28\/cronograma-actividades-40-anos-de-democracia\/","title":{"rendered":"Cronograma Actividades 40 a\u00f1os de Democracia"},"content":{"rendered":"\n<h2 class=\"wp-block-heading has-text-align-center\">Cronograma de actividades proyecto: 40 A\u00d1OS DE DEMOCRACIA<\/h2>\n\n\n\n<div style=\"height:100px\" aria-hidden=\"true\" class=\"wp-block-spacer\"><\/div>\n\n\n\n<figure class=\"wp-block-table\"><table><tbody><tr><td class=\"has-text-align-center\" data-align=\"center\"><strong>D\u00eda<\/strong><\/td><td class=\"has-text-align-center\" data-align=\"center\"><strong>Horario<\/strong><\/td><td class=\"has-text-align-center\" data-align=\"center\"><strong>Actividad<\/strong><\/td><td class=\"has-text-align-center\" data-align=\"center\"><strong>Espacio<\/strong><\/td><\/tr><tr><td class=\"has-text-align-center\" data-align=\"center\"><strong>Lunes 30\/10<\/strong><\/td><td class=\"has-text-align-center\" data-align=\"center\"><strong><mark style=\"background-color:rgba(0, 0, 0, 0)\" class=\"has-inline-color has-vivid-red-color\">08:15hs TM<br><br>13:15hs T.T<\/mark><br><br><mark style=\"background-color:rgba(0, 0, 0, 0)\" class=\"has-inline-color has-vivid-green-cyan-color\">09:00hs T.M<\/mark><br><br><mark style=\"background-color:rgba(0, 0, 0, 0)\" class=\"has-inline-color has-vivid-green-cyan-color\">15:00hs T.T<\/mark><br><br><mark style=\"background-color:rgba(0, 0, 0, 0)\" class=\"has-inline-color has-vivid-purple-color\">11:30hs T.M<br><br>14:30hs T.T<\/mark><\/strong><\/td><td class=\"has-text-align-center\" data-align=\"center\"><mark style=\"background-color:rgba(0, 0, 0, 0)\" class=\"has-inline-color has-vivid-red-color\"><strong>Apertura:<\/strong> Acto protocolar (Ambos niveles)<br><br><strong>Baile:<\/strong> T.M: 1\u00b0A Prof. Marturano &#8211; Dinosaurios<\/mark><br><br><mark style=\"background-color:rgba(0, 0, 0, 0)\" class=\"has-inline-color has-vivid-green-cyan-color\"><strong>Apertura:<\/strong> Acrobacia en aro: Alumno Sosa Tomas 6\u00b0 a\u00f1o SOC.<br><br>Microemprendimientos 5\u00b0 y 6\u00b0 a\u00f1o<\/mark><br><mark style=\"background-color:rgba(0, 0, 0, 0)\" class=\"has-inline-color has-cyan-bluish-gray-color\"><br><\/mark><mark style=\"background-color:rgba(0, 0, 0, 0)\" class=\"has-inline-color has-vivid-purple-color\">Proyecci\u00f3n de un Power Point:<br><br><strong>4\u00b0 SOC:<\/strong> Migraciones y Democracia<br><strong>3\u00b0 B y C:<\/strong> Agua y Democracia<\/mark><\/td><td class=\"has-text-align-center\" data-align=\"center\"><mark style=\"background-color:rgba(0, 0, 0, 0)\" class=\"has-inline-color has-vivid-red-color\">Patio descubierto &#8211; Sal\u00f3n de actos <br>Docentes a cargo:<br>Conducci\u00f3n &#8211; Gonz\u00e1lez Alejandro<\/mark><br><br><br><br><mark style=\"background-color:rgba(0, 0, 0, 0)\" class=\"has-inline-color has-vivid-green-cyan-color\">Gimnasio techado &#8211; Profesores a cargo:<br>Gonz\u00e1lez Alejandro &#8211; Curcio &#8211; Candela Marcela Irustia<\/mark><br><br><br><mark style=\"background-color:rgba(0, 0, 0, 0)\" class=\"has-inline-color has-cyan-bluish-gray-color\"><br><\/mark><mark style=\"background-color:rgba(0, 0, 0, 0)\" class=\"has-inline-color has-vivid-purple-color\">Profesor Gonz\u00e1les Emanuel &#8211; Sala de Proyecci\u00f3n<\/mark><br><\/td><\/tr><tr><td class=\"has-text-align-center\" data-align=\"center\"><strong>Mi\u00e9rcoles 1\/11<\/strong><\/td><td class=\"has-text-align-center\" data-align=\"center\"><strong><mark style=\"background-color:rgba(0, 0, 0, 0)\" class=\"has-inline-color has-vivid-red-color\">07:45hs<\/mark><br><br><mark style=\"background-color:rgba(0, 0, 0, 0)\" class=\"has-inline-color has-vivid-green-cyan-color\">08:00hs<\/mark><br><br><mark style=\"background-color:rgba(0, 0, 0, 0)\" class=\"has-inline-color has-vivid-cyan-blue-color\">09:00hs<\/mark><br><br><mark style=\"background-color:rgba(0, 0, 0, 0)\" class=\"has-inline-color has-vivid-purple-color\">10:30hs<\/mark><\/strong><\/td><td class=\"has-text-align-center\" data-align=\"center\"><mark style=\"background-color:rgba(0, 0, 0, 0)\" class=\"has-inline-color has-vivid-red-color\">Canci\u00f3n: &#8220;Como la Cigarra&#8221; <br>(3\u00b0 &#8211; 2\u00b0)<\/mark><br><br><mark style=\"background-color:rgba(0, 0, 0, 0)\" class=\"has-inline-color has-vivid-green-cyan-color\">Charla: Familia y Escuela &#8211; Educaci\u00f3n emocional en las ni\u00f1eces y las adolescencias<\/mark><br><br><mark style=\"background-color:rgba(0, 0, 0, 0)\" class=\"has-inline-color has-vivid-cyan-blue-color\">Obra de Teatro: Las mujeres de la Patria<\/mark><br><br><mark style=\"background-color:rgba(0, 0, 0, 0)\" class=\"has-inline-color has-vivid-purple-color\">Obra de Teatro y Debate: Argentina 1985<\/mark><\/td><td class=\"has-text-align-center\" data-align=\"center\"><mark style=\"background-color:rgba(0, 0, 0, 0)\" class=\"has-inline-color has-vivid-red-color\">Profesora a cargo: Ongarata Vilma &#8211; Sal\u00f3n de actos<\/mark><br><br><mark style=\"background-color:rgba(0, 0, 0, 0)\" class=\"has-inline-color has-vivid-green-cyan-color\">Lic. Miriam Bergalli &#8211; Sal\u00f3n de actos<\/mark><br><br><mark style=\"background-color:rgba(0, 0, 0, 0)\" class=\"has-inline-color has-vivid-cyan-blue-color\">Profesor a cargo: Marturano &#8211; Sal\u00f3n de actos<\/mark><br><br><mark style=\"background-color:rgba(0, 0, 0, 0)\" class=\"has-inline-color has-vivid-purple-color\">Alumnos de 6\u00b0 SOC &#8211; Zoom Planta alta<\/mark><\/td><\/tr><tr><td class=\"has-text-align-center\" data-align=\"center\"><strong>Viernes 3\/11<\/strong><\/td><td class=\"has-text-align-center\" data-align=\"center\"><mark style=\"background-color:rgba(0, 0, 0, 0)\" class=\"has-inline-color has-vivid-red-color\">0<strong>9:00hs<\/strong><\/mark><br><br><strong><mark style=\"background-color:rgba(0, 0, 0, 0)\" class=\"has-inline-color has-vivid-green-cyan-color\">4Funciones:<br>10:00hs<br>10:30hs<br>11:00hs<br>11:30hs<\/mark><\/strong><\/td><td class=\"has-text-align-center\" data-align=\"center\"><mark style=\"background-color:rgba(0, 0, 0, 0)\" class=\"has-inline-color has-vivid-red-color\">Relato de historia de vida<\/mark><br><br><mark style=\"background-color:rgba(0, 0, 0, 0)\" class=\"has-inline-color has-vivid-green-cyan-color\">Debate ONU 5\u00b0 ECO<br>&#8220;Crecimiento econ\u00f3mico y fin de la pobreza&#8221;<br><br>Obras de Teatro:<br>Dinosaurio: Luces y Sombras de la Democracia<br>Leyenda de Ceibo<\/mark><\/td><td class=\"has-text-align-center\" data-align=\"center\"><mark style=\"background-color:rgba(0, 0, 0, 0)\" class=\"has-inline-color has-vivid-red-color\">Charla de Alejo Santamar\u00eda: Tema sobre Inclusi\u00f3n &#8211; Ambos niveles<\/mark><br><br><mark style=\"background-color:rgba(0, 0, 0, 0)\" class=\"has-inline-color has-vivid-green-cyan-color\">Profesor a cargo: Gonz\u00e1lez A. &#8211; Sala de Proyecci\u00f3n<br><br>Profesor a carga: Cafaro &#8211; Difrangia &#8211; Aulas de 5\u00b0 SOC<\/mark><\/td><\/tr><tr><td class=\"has-text-align-center\" data-align=\"center\"><strong>Muestras Est\u00e1ticas<\/strong><\/td><td class=\"has-text-align-center\" data-align=\"center\"><\/td><td class=\"has-text-align-center\" data-align=\"center\"><mark style=\"background-color:rgba(0, 0, 0, 0)\" class=\"has-inline-color has-vivid-red-color\">La historia de estos 40 a\u00f1os contados en im\u00e1genes &#8211; 6\u00b0 SOC y ECO<\/mark><br><br><mark style=\"background-color:rgba(0, 0, 0, 0)\" class=\"has-inline-color has-vivid-green-cyan-color\">La m\u00fasica en democracia. La historia de la evoluci\u00f3n musical<\/mark><br><br><mark style=\"background-color:rgba(0, 0, 0, 0)\" class=\"has-inline-color has-vivid-cyan-blue-color\">La vestimenta como identidad en estos 40 a\u00f1os &#8211; 1\u00b0A<\/mark><br><br><mark style=\"background-color:rgba(0, 0, 0, 0)\" class=\"has-inline-color has-vivid-purple-color\">&#8220;La libertad de expresi\u00f3n no es la libertad de agresi\u00f3n&#8221; &#8211; 4\u00b0 SOC y ECO<\/mark><\/td><td class=\"has-text-align-center\" data-align=\"center\"><mark style=\"background-color:rgba(0, 0, 0, 0)\" class=\"has-inline-color has-vivid-red-color\">Profesor a cargo: Contreras &#8211; Zoom Planta alta<\/mark><br><br><mark style=\"background-color:rgba(0, 0, 0, 0)\" class=\"has-inline-color has-vivid-green-cyan-color\">Profesor a cargo: Marturano &#8211; Ortiz &#8211; Godoy &#8211; Pasillo central &#8211; Planta alta<\/mark><br><br><mark style=\"background-color:rgba(0, 0, 0, 0)\" class=\"has-inline-color has-vivid-cyan-blue-color\">Profesor a cargo: Pires &#8211; Pasillo que da a la escalera salida al patio<\/mark><br><br><mark style=\"background-color:rgba(0, 0, 0, 0)\" class=\"has-inline-color has-vivid-purple-color\">Profesor a cargo: Genise &#8211; Zoom Planta alta<\/mark><\/td><\/tr><\/tbody><\/table><\/figure>\n","protected":false},"excerpt":{"rendered":"<p>Cronograma de actividades proyecto: 40 A\u00d1OS DE DEMOCRACIA D\u00eda Horario Actividad Espacio Lunes 30\/10 08:15hs TM 13:15hs T.T 09:00hs T.M 15:00hs T.T 11:30hs T.M 14:30hs T.T Apertura: Acto protocolar (Ambos niveles) Baile: T.M: 1\u00b0A Prof. Marturano &#8211; Dinosaurios Apertura: Acrobacia en aro: Alumno Sosa Tomas 6\u00b0 a\u00f1o SOC. Microemprendimientos 5\u00b0 y 6\u00b0 a\u00f1oProyecci\u00f3n de un&hellip;<\/p>\n","protected":false},"author":1,"featured_media":0,"comment_status":"closed","ping_status":"open","sticky":false,"template":"","format":"standard","meta":{"footnotes":""},"categories":[4,5,6,7],"tags":[],"class_list":["post-911","post","type-post","status-publish","format-standard","hentry","category-administracion","category-inicio","category-primaria","category-secundaria"],"_links":{"self":[{"href":"https:\/\/escuelasantalucia.edu.ar\/index.php\/wp-json\/wp\/v2\/posts\/911"}],"collection":[{"href":"https:\/\/escuelasantalucia.edu.ar\/index.php\/wp-json\/wp\/v2\/posts"}],"about":[{"href":"https:\/\/escuelasantalucia.edu.ar\/index.php\/wp-json\/wp\/v2\/types\/post"}],"author":[{"embeddable":true,"href":"https:\/\/escuelasantalucia.edu.ar\/index.php\/wp-json\/wp\/v2\/users\/1"}],"replies":[{"embeddable":true,"href":"https:\/\/escuelasantalucia.edu.ar\/index.php\/wp-json\/wp\/v2\/comments?post=911"}],"version-history":[{"count":18,"href":"https:\/\/escuelasantalucia.edu.ar\/index.php\/wp-json\/wp\/v2\/posts\/911\/revisions"}],"predecessor-version":[{"id":929,"href":"https:\/\/escuelasantalucia.edu.ar\/index.php\/wp-json\/wp\/v2\/posts\/911\/revisions\/929"}],"wp:attachment":[{"href":"https:\/\/escuelasantalucia.edu.ar\/index.php\/wp-json\/wp\/v2\/media?parent=911"}],"wp:term":[{"taxonomy":"category","embeddable":true,"href":"https:\/\/escuelasantalucia.edu.ar\/index.php\/wp-json\/wp\/v2\/categories?post=911"},{"taxonomy":"post_tag","embeddable":true,"href":"https:\/\/escuelasantalucia.edu.ar\/index.php\/wp-json\/wp\/v2\/tags?post=911"}],"curies":[{"name":"wp","href":"https:\/\/api.w.org\/{rel}","templated":true}]}}