{"id":1529,"date":"2025-10-03T17:15:25","date_gmt":"2025-10-03T17:15:25","guid":{"rendered":"https:\/\/escuelasantalucia.edu.ar\/?p=1529"},"modified":"2025-10-03T17:15:26","modified_gmt":"2025-10-03T17:15:26","slug":"inscripciones-2025-secundaria","status":"publish","type":"post","link":"https:\/\/escuelasantalucia.edu.ar\/index.php\/2025\/10\/03\/inscripciones-2025-secundaria\/","title":{"rendered":"Inscripciones 2025 Secundaria"},"content":{"rendered":"\n<p><strong>Horarios: 8:00hs a 11:00hs y 13:00hs a 15:00hs en Administraci\u00f3n<\/strong><\/p>\n\n\n\n<div style=\"height:20px\" aria-hidden=\"true\" class=\"wp-block-spacer\"><\/div>\n\n\n\n<h4 class=\"wp-block-heading\">Presentar en Preceptor\u00eda<\/h4>\n\n\n\n<ul class=\"wp-block-list\">\n<li>Constancia de pago de cuota 10\/2025 (mes de Diciembre). El importe podr\u00e1 ser modificado de acuerdo a las disposiciones que emanen de la <strong>DIEGEP<\/strong> y\/o los organismos competentes.<\/li>\n\n\n\n<li>Si renuncia a la vacante para pasar a otra instituci\u00f3n, se devolver\u00e1 el pago de matr\u00edcula hasta el <strong>31\/12\/2025.<\/strong> Pasada esta fecha no se aceptar\u00e1n reclamos ni devoluciones.<\/li>\n\n\n\n<li>Contrato de prestaci\u00f3n de servicio firmado.<\/li>\n<\/ul>\n\n\n\n<div style=\"height:20px\" aria-hidden=\"true\" class=\"wp-block-spacer\"><\/div>\n\n\n\n<h2 class=\"wp-block-heading has-text-align-center\">Primer a\u00f1o-nivel Secundario<\/h2>\n\n\n\n<p><strong>Asignaci\u00f3n de las vacantes para el ingreso al nivel.<\/strong><\/p>\n\n\n\n<p>Las vacantes y turnos ser\u00e1n asignados conforme a las siguientes prioridades:<\/p>\n\n\n\n<ol class=\"wp-block-list\">\n<li><strong>LUNES 1 DE DICIEMBRE: <\/strong>Estudiantes con discapacidad y\/o trayectorias compartidas con la modalidad.<br>Educaci\u00f3n Especial (Presentando el <strong>CUD<\/strong> correspondiente &#8211; Certificado \u00danico de Discapacidad).<br>Estudiantes en condiciones de ser inscriptas\/os que egresen del establecimiento que posean vinculaci\u00f3n institucional y\/o edilicia con la escuela.<\/li>\n\n\n\n<li><strong>MARTES 2 DE DICIMEBRE:<\/strong> Hermanas\/os de estudiantes del establecimiento educativo del nivel secundario (EN EL CICLO LECTIVO VIGENTE 2025).<\/li>\n\n\n\n<li><strong>MIERCOLES 3 DE DICIEMBRE:<\/strong> Hermanos del nivel primario (EN EL CICLO LECTIVO VIGENTE 2025) Quedan comprendidas en este \u00edtem las situaciones de grupos convivientes originados en otras conformaciones o estructuras familiares, lo que deber\u00e1 ser fehacientemente acreditado.<\/li>\n\n\n\n<li><strong>JUEVES 4 DE DICIEMBRE:<\/strong> Hijas\/os del personal docente y no docente del establecimiento y de los establecimientos que articulen pedag\u00f3gicamente.<\/li>\n\n\n\n<li><strong>VIERNES 5 DE DICIEMBRE: <\/strong> Estudiantes en condiciones de ser inscriptos que egresen de establecimientos que posean vinculaci\u00f3n institucional y\/o edilicia con la escuela.<\/li>\n\n\n\n<li><strong>SORTEO PUBLICO:<\/strong> En caso que, luego de la consideraci\u00f3n de los \u00edtems anteriores, la cantidad de aspirantes exceda la cantidad de vacantes, se proceder\u00e1 a la realizaci\u00f3n de un sorteo por la Loter\u00eda de la Provincia de Buenos Aires. Dicho sorteo se realizar\u00e1 durante el mes de <strong>Diciembre<\/strong>, una vez finalizada la fecha de inscripci\u00f3n. La fecha del mismo la definir\u00e1 cada Jefatura Regional y ser\u00e1 comunicada con la debida anticipaci\u00f3n a las Jefaturas Distritales.<\/li>\n<\/ol>\n\n\n\n<div style=\"height:20px\" aria-hidden=\"true\" class=\"wp-block-spacer\"><\/div>\n\n\n\n<h2 class=\"wp-block-heading has-text-align-center\">Documentaci\u00f3n obligatoria para el legajo alumnos 1\u00b0 a\u00f1o 2026<\/h2>\n\n\n\n<ul class=\"wp-block-list\">\n<li>D.N.I actualizado, fotocopia, 1\u00b0 y 2\u00b0 hoja.<\/li>\n\n\n\n<li>Partida de Nacimiento (fotocopia).<\/li>\n\n\n\n<li>Constancia de Alumno Regular de 6\u00b0 de E.P.<\/li>\n\n\n\n<li>Libreta Sanitaria Escolar &#8211; RESIDENTES EN MERLO: Hospital Eva Per\u00f3n (vacunatorio) solo los martes &#8211; Unidad Sanitaria N\u00b034 Pedriel y Viena: martes y mi\u00e9rcoles.<\/li>\n\n\n\n<li>Certificado de Agudeza Visual.<\/li>\n\n\n\n<li>Solicitud de Inscripci\u00f3n. Toda esta documentaci\u00f3n ser\u00e1 presentada al equipo de preceptores para su control.<\/li>\n\n\n\n<li>Factura de matr\u00edcula paga abonado, cuaderno de comunicados se abonar\u00e1 al momento de la inscripci\u00f3n y se entregar\u00e1 al inicio del ciclo lectivo.<\/li>\n\n\n\n<li>Formulario completo, le\u00eddo y firmado, se entregara en el momento de la inscripci\u00f3n en administraci\u00f3n.<\/li>\n\n\n\n<li>Documentaci\u00f3n solicitada completa.<\/li>\n<\/ul>\n\n\n\n<div style=\"height:20px\" aria-hidden=\"true\" class=\"wp-block-spacer\"><\/div>\n\n\n\n<h2 class=\"wp-block-heading has-text-align-center\">Cuarto a\u00f1o-nivel Secundario<\/h2>\n\n\n\n<ol class=\"wp-block-list\">\n<li><strong>9 DE DICIEMBRE:<\/strong> Estudiantes promovidos a 4\u00b0to a\u00f1o sin materias a intensificar.<\/li>\n\n\n\n<li><strong>10 DE DICIEMBRE: <\/strong>Estudiantes promovidos a 4\u00b0to a\u00f1o con hasta 4 materias a intensificar en los periodos de dicembre\/febrero.<\/li>\n\n\n\n<li><strong>11 DE DICIEMBRE:<\/strong> A continuaci\u00f3n, los que van promocionando (hasta 4 materias a intensificar), por orden de llegada, sin listas de espera hasta cubrir las vacantes disponibles.<\/li>\n<\/ol>\n\n\n\n<div style=\"height:20px\" aria-hidden=\"true\" class=\"wp-block-spacer\"><\/div>\n\n\n\n<h2 class=\"wp-block-heading has-text-align-center\">Reinscripci\u00f3n de 2\u00b0do, 3\u00b0ro, 5\u00b0to y 6\u00b0to<\/h2>\n\n\n\n<ol class=\"wp-block-list\">\n<li>Estudiantes promovidos con materias a RECURSAR: <strong>9 DE DICIEMBRE.<\/strong><br>Por las estructura propia del Nivel Secundario <strong>Santa Lucia<\/strong> no se podr\u00e1 garantizar la vacante para estudiantes recusantes ya que se deben priorizar los promocionados al a\u00f1os siguiente.<\/li>\n<\/ol>\n","protected":false},"excerpt":{"rendered":"<p>Horarios: 8:00hs a 11:00hs y 13:00hs a 15:00hs en Administraci\u00f3n Presentar en Preceptor\u00eda Primer a\u00f1o-nivel Secundario Asignaci\u00f3n de las vacantes para el ingreso al nivel. Las vacantes y turnos ser\u00e1n asignados conforme a las siguientes prioridades: Documentaci\u00f3n obligatoria para el legajo alumnos 1\u00b0 a\u00f1o 2026 Cuarto a\u00f1o-nivel Secundario Reinscripci\u00f3n de 2\u00b0do, 3\u00b0ro, 5\u00b0to y 6\u00b0to<\/p>\n","protected":false},"author":1,"featured_media":0,"comment_status":"closed","ping_status":"open","sticky":false,"template":"","format":"standard","meta":{"footnotes":""},"categories":[4,7],"tags":[],"class_list":["post-1529","post","type-post","status-publish","format-standard","hentry","category-administracion","category-secundaria"],"_links":{"self":[{"href":"https:\/\/escuelasantalucia.edu.ar\/index.php\/wp-json\/wp\/v2\/posts\/1529"}],"collection":[{"href":"https:\/\/escuelasantalucia.edu.ar\/index.php\/wp-json\/wp\/v2\/posts"}],"about":[{"href":"https:\/\/escuelasantalucia.edu.ar\/index.php\/wp-json\/wp\/v2\/types\/post"}],"author":[{"embeddable":true,"href":"https:\/\/escuelasantalucia.edu.ar\/index.php\/wp-json\/wp\/v2\/users\/1"}],"replies":[{"embeddable":true,"href":"https:\/\/escuelasantalucia.edu.ar\/index.php\/wp-json\/wp\/v2\/comments?post=1529"}],"version-history":[{"count":7,"href":"https:\/\/escuelasantalucia.edu.ar\/index.php\/wp-json\/wp\/v2\/posts\/1529\/revisions"}],"predecessor-version":[{"id":1536,"href":"https:\/\/escuelasantalucia.edu.ar\/index.php\/wp-json\/wp\/v2\/posts\/1529\/revisions\/1536"}],"wp:attachment":[{"href":"https:\/\/escuelasantalucia.edu.ar\/index.php\/wp-json\/wp\/v2\/media?parent=1529"}],"wp:term":[{"taxonomy":"category","embeddable":true,"href":"https:\/\/escuelasantalucia.edu.ar\/index.php\/wp-json\/wp\/v2\/categories?post=1529"},{"taxonomy":"post_tag","embeddable":true,"href":"https:\/\/escuelasantalucia.edu.ar\/index.php\/wp-json\/wp\/v2\/tags?post=1529"}],"curies":[{"name":"wp","href":"https:\/\/api.w.org\/{rel}","templated":true}]}}