{"id":1502,"date":"2025-09-25T17:11:10","date_gmt":"2025-09-25T17:11:10","guid":{"rendered":"https:\/\/escuelasantalucia.edu.ar\/?p=1502"},"modified":"2025-09-25T17:25:41","modified_gmt":"2025-09-25T17:25:41","slug":"inscripciones-2026-primaria","status":"publish","type":"post","link":"https:\/\/escuelasantalucia.edu.ar\/index.php\/2025\/09\/25\/inscripciones-2026-primaria\/","title":{"rendered":"Inscripciones 2026 Primaria"},"content":{"rendered":"\n<h2 class=\"wp-block-heading has-text-align-center\">Escuela Santa Lucia Primaria<\/h2>\n\n\n\n<h4 class=\"wp-block-heading has-text-align-center\">Congregaci\u00f3n Hijas de Nuestra Se\u00f1ora del Monte Calvario<\/h4>\n\n\n\n<p class=\"has-text-align-center\"><strong>DIPREGEP 2571-7259 CEC 18-22, 18-27 BERTOLE 1790 MERLO NORTE<\/strong><\/p>\n\n\n\n<div style=\"height:20px\" aria-hidden=\"true\" class=\"wp-block-spacer\"><\/div>\n\n\n\n<h3 class=\"wp-block-heading has-text-align-center\">Inscripci\u00f3n ciclo lectivo 2026<\/h3>\n\n\n\n<div style=\"height:20px\" aria-hidden=\"true\" class=\"wp-block-spacer\"><\/div>\n\n\n\n<h4 class=\"wp-block-heading has-text-align-center\">1\u00ba A\u00d1O EPB SEG\u00daN EL SIGUIENTE ORDEN HASTA AGOTAR VACANTES<\/h4>\n\n\n\n<figure class=\"wp-block-table\"><table class=\"has-fixed-layout\"><tbody><tr><td>Hermanos de alumnos de la Escuela.<br>Hijos del personal.<br>Hijos de ex alumnos.<\/td><td>Lunes 13 de Octubre de 08:00hs a 11:00hs y de 13:00hs a 15:00hs<\/td><\/tr><tr><td>Alumnos del jard\u00edn Medalla Milagrosa.<br>Alumnos del jard\u00edn 912.<\/td><td>Martes 14 de Octubre de 08:00hs a 11:00hs y de 13:00hs a 15:00hs<\/td><\/tr><tr><td>Alumnos de otros jardines.<\/td><td>Del 15 al 31 de Octubre contin\u00faa abierta la inscripci\u00f3n hasta cubrir todas las vacantes.<\/td><\/tr><\/tbody><\/table><\/figure>\n\n\n\n<div style=\"height:20px\" aria-hidden=\"true\" class=\"wp-block-spacer\"><\/div>\n\n\n\n<h4 class=\"wp-block-heading has-text-align-left\">Documentaci\u00f3n necesaria<\/h4>\n\n\n\n<ul class=\"wp-block-list\">\n<li>Constancia de alumno regular del Jard\u00edn de procedencia.<\/li>\n\n\n\n<li>Certificados de vacunaci\u00f3n (fotocopias). Pase del Jard\u00edn de procedencia.<\/li>\n\n\n\n<li>Libre deuda si es privado.<\/li>\n\n\n\n<li>Certificado de bautismo.<\/li>\n\n\n\n<li>DNI original y fotocopia.<\/li>\n\n\n\n<li>Contrato de prestaci\u00f3n de servicio Educativo.<\/li>\n\n\n\n<li>Planilla de C\u00e9dula Escolar completa de ambos lados (retirar en administraci\u00f3n).<\/li>\n\n\n\n<li>Cuaderno de comunicados (se adquiere en la Escuela).<\/li>\n\n\n\n<li>Partida de nacimiento original y fotocopia.<\/li>\n\n\n\n<li>Comprobante de la cuota N\u00b08 (mes de Octubre- hermanos).<\/li>\n<\/ul>\n\n\n\n<div style=\"height:20px\" aria-hidden=\"true\" class=\"wp-block-spacer\"><\/div>\n\n\n\n<h4 class=\"wp-block-heading\"><strong>REINSCRIPCI\u00d3N ALUMNOS DE 2\u00ba A 6\u00ba<\/strong> A partir de 17 noviembre hasta el 19 de diciembre<br>2025<\/h4>\n\n\n\n<p>Con constancia de pago de la cuota N\u00b09 (mes de Noviembre), cuaderno de comunicados, contrato de prestaci\u00f3n de servicios.<\/p>\n\n\n\n<figure class=\"wp-block-table\"><table class=\"has-fixed-layout\"><tbody><tr><td>Fecha<\/td><td>Curso en 2025<\/td><\/tr><tr><td>Lunes 17\/11<\/td><td>1\u00b0A-B-C-D<\/td><\/tr><tr><td>Martes 18\/11<\/td><td>2\u00b0A-B-C-D<\/td><\/tr><tr><td>Mi\u00e9rcoles 19\/11<\/td><td>3\u00b0A-B-C-D<\/td><\/tr><tr><td>Jueves 20\/11<\/td><td>4\u00b0A-B-C-D<\/td><\/tr><tr><td>Martes 25\/11<\/td><td>5\u00b0A-B-C-D<\/td><\/tr><\/tbody><\/table><\/figure>\n\n\n\n<div style=\"height:20px\" aria-hidden=\"true\" class=\"wp-block-spacer\"><\/div>\n\n\n\n<p><strong>LOS FORMULARIOS DE INSCRIPCI\u00d3N SE ENTREGAR\u00c1N EN SECRETAR\u00cdA DE PRIMARIA UNA VEZ OTORGADA LA VACANTE Y ABONADA LA MATR\u00cdCULA.<\/strong><\/p>\n\n\n\n<h3 class=\"wp-block-heading\">LOS CUADERNOS DE COMUNICADOS SE ABONAN AL MOMENTO DE LA INSCRIPCI\u00d3N.<br>EL VALOR DE LA MATR\u00cdCULA PARA 1\u00ba A\u00d1O PRIMARIA A CONFIRMAR, SE ABONA EN<br>EFECTIVO.<\/h3>\n","protected":false},"excerpt":{"rendered":"<p>Escuela Santa Lucia Primaria Congregaci\u00f3n Hijas de Nuestra Se\u00f1ora del Monte Calvario DIPREGEP 2571-7259 CEC 18-22, 18-27 BERTOLE 1790 MERLO NORTE Inscripci\u00f3n ciclo lectivo 2026 1\u00ba A\u00d1O EPB SEG\u00daN EL SIGUIENTE ORDEN HASTA AGOTAR VACANTES Hermanos de alumnos de la Escuela.Hijos del personal.Hijos de ex alumnos. Lunes 13 de Octubre de 08:00hs a 11:00hs y&hellip;<\/p>\n","protected":false},"author":1,"featured_media":0,"comment_status":"closed","ping_status":"open","sticky":false,"template":"","format":"standard","meta":{"footnotes":""},"categories":[4,6],"tags":[],"class_list":["post-1502","post","type-post","status-publish","format-standard","hentry","category-administracion","category-primaria"],"_links":{"self":[{"href":"https:\/\/escuelasantalucia.edu.ar\/index.php\/wp-json\/wp\/v2\/posts\/1502"}],"collection":[{"href":"https:\/\/escuelasantalucia.edu.ar\/index.php\/wp-json\/wp\/v2\/posts"}],"about":[{"href":"https:\/\/escuelasantalucia.edu.ar\/index.php\/wp-json\/wp\/v2\/types\/post"}],"author":[{"embeddable":true,"href":"https:\/\/escuelasantalucia.edu.ar\/index.php\/wp-json\/wp\/v2\/users\/1"}],"replies":[{"embeddable":true,"href":"https:\/\/escuelasantalucia.edu.ar\/index.php\/wp-json\/wp\/v2\/comments?post=1502"}],"version-history":[{"count":19,"href":"https:\/\/escuelasantalucia.edu.ar\/index.php\/wp-json\/wp\/v2\/posts\/1502\/revisions"}],"predecessor-version":[{"id":1526,"href":"https:\/\/escuelasantalucia.edu.ar\/index.php\/wp-json\/wp\/v2\/posts\/1502\/revisions\/1526"}],"wp:attachment":[{"href":"https:\/\/escuelasantalucia.edu.ar\/index.php\/wp-json\/wp\/v2\/media?parent=1502"}],"wp:term":[{"taxonomy":"category","embeddable":true,"href":"https:\/\/escuelasantalucia.edu.ar\/index.php\/wp-json\/wp\/v2\/categories?post=1502"},{"taxonomy":"post_tag","embeddable":true,"href":"https:\/\/escuelasantalucia.edu.ar\/index.php\/wp-json\/wp\/v2\/tags?post=1502"}],"curies":[{"name":"wp","href":"https:\/\/api.w.org\/{rel}","templated":true}]}}