{"id":1359,"date":"2024-12-03T12:57:24","date_gmt":"2024-12-03T12:57:24","guid":{"rendered":"https:\/\/escuelasantalucia.edu.ar\/?p=1359"},"modified":"2024-12-03T12:57:25","modified_gmt":"2024-12-03T12:57:25","slug":"nota-por-duelo-alma-alvarez","status":"publish","type":"post","link":"https:\/\/escuelasantalucia.edu.ar\/index.php\/2024\/12\/03\/nota-por-duelo-alma-alvarez\/","title":{"rendered":"Nota por duelo. ALMA ALVAREZ"},"content":{"rendered":"\n<p class=\"has-text-align-right\"><strong>Merlo, 2 de diciembre 2024<\/strong><\/p>\n\n\n\n<p class=\"has-text-align-left\"><br><strong>Estimadas familias:<\/strong><br>Con gran dolor informamos que, por el fallecimiento de nuestra alumna Alma Alvarez de 6to C del turno tarde del nivel primario, la instituci\u00f3n permanecer\u00e1 cerrada por duelo el d\u00eda 3 de diciembre en ambos turnos y niveles incluyendo la administraci\u00f3n. Rezamos por su descanso y por su familia.<\/p>\n\n\n\n<p class=\"has-text-align-left\"><br>Representante Legal Hna. Sandra Delgadillo y Equipo directivo Nivel primario y secundario.<\/p>\n","protected":false},"excerpt":{"rendered":"<p>Merlo, 2 de diciembre 2024 Estimadas familias:Con gran dolor informamos que, por el fallecimiento de nuestra alumna Alma Alvarez de 6to C del turno tarde del nivel primario, la instituci\u00f3n permanecer\u00e1 cerrada por duelo el d\u00eda 3 de diciembre en ambos turnos y niveles incluyendo la administraci\u00f3n. Rezamos por su descanso y por su familia.&hellip;<\/p>\n","protected":false},"author":1,"featured_media":0,"comment_status":"closed","ping_status":"open","sticky":false,"template":"","format":"standard","meta":{"footnotes":""},"categories":[4,6,7],"tags":[],"class_list":["post-1359","post","type-post","status-publish","format-standard","hentry","category-administracion","category-primaria","category-secundaria"],"_links":{"self":[{"href":"https:\/\/escuelasantalucia.edu.ar\/index.php\/wp-json\/wp\/v2\/posts\/1359"}],"collection":[{"href":"https:\/\/escuelasantalucia.edu.ar\/index.php\/wp-json\/wp\/v2\/posts"}],"about":[{"href":"https:\/\/escuelasantalucia.edu.ar\/index.php\/wp-json\/wp\/v2\/types\/post"}],"author":[{"embeddable":true,"href":"https:\/\/escuelasantalucia.edu.ar\/index.php\/wp-json\/wp\/v2\/users\/1"}],"replies":[{"embeddable":true,"href":"https:\/\/escuelasantalucia.edu.ar\/index.php\/wp-json\/wp\/v2\/comments?post=1359"}],"version-history":[{"count":1,"href":"https:\/\/escuelasantalucia.edu.ar\/index.php\/wp-json\/wp\/v2\/posts\/1359\/revisions"}],"predecessor-version":[{"id":1360,"href":"https:\/\/escuelasantalucia.edu.ar\/index.php\/wp-json\/wp\/v2\/posts\/1359\/revisions\/1360"}],"wp:attachment":[{"href":"https:\/\/escuelasantalucia.edu.ar\/index.php\/wp-json\/wp\/v2\/media?parent=1359"}],"wp:term":[{"taxonomy":"category","embeddable":true,"href":"https:\/\/escuelasantalucia.edu.ar\/index.php\/wp-json\/wp\/v2\/categories?post=1359"},{"taxonomy":"post_tag","embeddable":true,"href":"https:\/\/escuelasantalucia.edu.ar\/index.php\/wp-json\/wp\/v2\/tags?post=1359"}],"curies":[{"name":"wp","href":"https:\/\/api.w.org\/{rel}","templated":true}]}}