{"id":1330,"date":"2024-10-24T17:38:27","date_gmt":"2024-10-24T17:38:27","guid":{"rendered":"https:\/\/escuelasantalucia.edu.ar\/?p=1330"},"modified":"2024-10-24T17:38:28","modified_gmt":"2024-10-24T17:38:28","slug":"inscripciones-4-ano","status":"publish","type":"post","link":"https:\/\/escuelasantalucia.edu.ar\/index.php\/2024\/10\/24\/inscripciones-4-ano\/","title":{"rendered":"INSCRIPCIONES 4\u00b0 A\u00f1o"},"content":{"rendered":"\n<h2 class=\"wp-block-heading has-text-align-center\"><strong><u>REUNIONES DE PADRES &#8211; CICLO LECTIVO 2025<\/u><\/strong><\/h2>\n\n\n\n<h2 class=\"wp-block-heading has-text-align-center\"><strong><u>LEY DE EDUCACION NACIONAL 26.206 Y LEY PROVINCIAL 13688<\/u><\/strong><\/h2>\n\n\n\n<h2 class=\"wp-block-heading has-text-align-center\"><strong><mark style=\"background-color:rgba(0, 0, 0, 0)\" class=\"has-inline-color has-vivid-cyan-blue-color\">INSCRIPCIONES 4\u00ba a\u00f1o<\/mark>\u00a0<\/strong><\/h2>\n\n\n\n<p>El orden para la asignaci\u00f3n de vacantes para el a\u00f1o siguiente ser\u00e1, seg\u00fan decreto 2299\/11-Resoluci\u00f3n 1650\/24<\/p>\n\n\n\n<p><strong>TOTAL DE VACANTES: 72 <br>36<\/strong> <strong>VACANTES EN ECONOMIA Y 36 VACANTES EN CS SOCIALES.<\/strong><\/p>\n\n\n\n<div style=\"height:30px\" aria-hidden=\"true\" class=\"wp-block-spacer\"><\/div>\n\n\n\n<h3 class=\"wp-block-heading has-text-align-center\"><strong><u>Horarios: de 8:00hs a 11:00hs y de 13:00hs a 15:00hs<\/u><\/strong><\/h3>\n\n\n\n<p>Las vacantes y turnos ser\u00e1n asignadas conforme las siguientes prioridades:<\/p>\n\n\n\n<p><strong>PREINSCRIPCI\u00d3N<\/strong>: MARTES 15 DE OCTUBRE\u00a0 EN LA REUNI\u00d3N\u00a0A LAS 13hs ADULTO RESPONSABLE.<\/p>\n\n\n\n<p>\u00a0<strong><u>INSCRIPCION<\/u><\/strong><\/p>\n\n\n\n<p><strong>LUNES 2 DE DICIEMBRE:<\/strong> Estudiantes con discapacidad y\/o trayectorias compartidas con la modalidad Educaci\u00f3n Especial (Presentando el <strong>CUD<\/strong> correspondiente \u2013 Certificado \u00danico de Discapacidad) del establecimiento.<\/p>\n\n\n\n<p><strong>MARTES 3 DE DICIEMBRE:<\/strong> Estudiante aspirantes de la instituci\u00f3n.<\/p>\n\n\n\n<p><strong>Sorteo p\u00fablico: en caso que, luego de la consideraci\u00f3n de los \u00edtems anteriores, la cantidad de aspirantes exceda la cantidad de vacantes, se proceder\u00e1 a la realizaci\u00f3n de un sorteo por la Loter\u00eda de la Provincia de Buenos Aires. Dicho sorteo se realizar\u00e1 durante el mes de Diciembre, una vez finalizada la fecha de inscripci\u00f3n. La fecha del mismo la definir\u00e1 cada Jefatura Regional y ser\u00e1 comunicada con la debida anticipaci\u00f3n a las Jefaturas Distritales.<\/strong><\/p>\n\n\n\n<p><strong><mark style=\"background-color:rgba(0, 0, 0, 0)\" class=\"has-inline-color has-vivid-red-color\">ACLARACION:<\/mark> El martes 19 de noviembre se notificar\u00e1 el relevamiento con respecto a la solicitud de vacante. En caso\u00a0 que la cantidad de aspirantes exceda la cantidad de vacantes, el d\u00eda \u00a0 30\u00a0 de NOVIEMBRE se realizar\u00e1 el sorteo correspondiente y el d\u00eda 2\u00a0 de diciembre se exhibir\u00e1 los estudiantes\u00a0 ingresantes.\u00a0 El 3 de diciembre\u00a0 podr\u00e1n realizar la inscripci\u00f3n en los horarios mencionados.\u00a0<\/strong><\/p>\n\n\n\n<div style=\"height:30px\" aria-hidden=\"true\" class=\"wp-block-spacer\"><\/div>\n\n\n\n<h3 class=\"wp-block-heading has-text-align-center\"><strong><u>REQUISITOS PARA LA INSCRIPCI\u00d3N<\/u><\/strong><\/h3>\n\n\n\n<p><strong><mark style=\"background-color:rgba(0, 0, 0, 0)\" class=\"has-inline-color has-vivid-red-color\">C<\/mark><\/strong><mark style=\"background-color:rgba(0, 0, 0, 0)\" class=\"has-inline-color has-vivid-red-color\"><strong>onstancia de pago\u00a0cuota 9\/2024 (mes de NOVIEMBRE). Pago de matr\u00edcula. (Se realiza en forma presencial . Medios de pagos Efectivo, transferencias, tarjeta de D\u00e9bito o Cr\u00e9dito)<\/strong><\/mark><\/p>\n\n\n\n<p><strong><mark style=\"background-color:rgba(0, 0, 0, 0)\" class=\"has-inline-color has-vivid-cyan-blue-color\">Se presentar\u00e1 sin excepci\u00f3n:<em> Toda esta documentaci\u00f3n\u00a0 al equipo de preceptores para su control<\/em><\/mark><\/strong><\/p>\n\n\n\n<ul class=\"wp-block-list\">\n<li><strong><em><mark style=\"background-color:rgba(0, 0, 0, 0)\" class=\"has-inline-color has-vivid-cyan-blue-color\">Factura de matr\u00edcula paga, cuaderno de comunicados se abonar\u00e1 al momento de la inscripci\u00f3n y entregar\u00e1 al inicio del ciclo lectivo.<\/mark><\/em><\/strong><\/li>\n\n\n\n<li><strong><em><mark style=\"background-color:rgba(0, 0, 0, 0)\" class=\"has-inline-color has-vivid-cyan-blue-color\">Planilla de actualizaci\u00f3n de datos<\/mark><\/em><\/strong><\/li>\n\n\n\n<li><strong><em><mark style=\"background-color:rgba(0, 0, 0, 0)\" class=\"has-inline-color has-vivid-cyan-blue-color\">Tal\u00f3n de ficha de inscripci\u00f3n a la orientaci\u00f3n.<\/mark><\/em><\/strong><\/li>\n\n\n\n<li><strong><em><mark style=\"background-color:rgba(0, 0, 0, 0)\" class=\"has-inline-color has-vivid-cyan-blue-color\">Documentaci\u00f3n completa, si faltara.<\/mark><\/em><\/strong><\/li>\n<\/ul>\n\n\n\n<p><strong><em><mark style=\"background-color:rgba(0, 0, 0, 0)\" class=\"has-inline-color has-vivid-cyan-blue-color\">MONTO DE LA INSCRIPCION : $\u00a061000 (incluido cuaderno de comunicados y formularios)<\/mark><\/em><\/strong><\/p>\n\n\n\n<div style=\"height:30px\" aria-hidden=\"true\" class=\"wp-block-spacer\"><\/div>\n\n\n\n<p><strong><u>R\u00c9GIMEN\u00a0 ACAD\u00c9MICO PARA LA ESCUELA SECUNDARIA\u00a0 <\/u>Resoluci\u00f3n 1650\/24<\/strong><\/p>\n\n\n\n<p>Las vacantes disponibles en cada escuela estar\u00e1n sujetas a la capacidad edilicia de la misma.<\/p>\n\n\n\n<ul class=\"wp-block-list\">\n<li><strong><u>INGRESO<\/u><\/strong><strong>: TURNO MA\u00d1ANA 6:55hs\u00a0\u00a0\u00a0\u00a0\u00a0\u00a0\u00a0\u00a0\u00a0\u00a0<\/strong><\/li>\n\n\n\n<li><strong><u>SALIDA<\/u><\/strong><strong>: TURNO MA\u00d1ANA 12:20HS &#8211; POS HORAS.\u00a0\u00a0\u00a0<\/strong><\/li>\n\n\n\n<li><strong><u>CONTRA TURNO<\/u><\/strong><strong>: EDUCACION FISICA (DOS VECES POR SEMANA) \u2013 INFORM\u00c1TICA (UNA VEZ POR SEMANA)<\/strong><\/li>\n<\/ul>\n\n\n\n<p><strong><em>LISTA DE MATERIALES-2025 -Secundaria-<\/em><\/strong> ENTREGAR EN LA PRIMER SEMANA DE CLASES LA LISTA DE MATERIALES EN UNA BOLSA CON NOMBRE. PUEDEN PREVEER LA ADQUISICI\u00d3N DE LOS MISMOS.<\/p>\n\n\n\n<p>4 <strong><em>Papel Higi\u00e9nico &#8211; 1 Block de hojas de color &#8211;\u00a01 Plasticola o Voligoma &#8211; 1 Fibr\u00f3n negro &#8211; 1 Fibr\u00f3n de color &#8211; 1 Cinta adhesiva ancha \u2013 (Solo nenas) 1 Paquete Toallitas &#8211; 1 Caja de curitas &#8211; 1 paquete de algod\u00f3n.<\/em><\/strong><\/p>\n\n\n\n<p><strong><em>Equipo Directivo ESL<\/em><\/strong><\/p>\n","protected":false},"excerpt":{"rendered":"<p>REUNIONES DE PADRES &#8211; CICLO LECTIVO 2025 LEY DE EDUCACION NACIONAL 26.206 Y LEY PROVINCIAL 13688 INSCRIPCIONES 4\u00ba a\u00f1o\u00a0 El orden para la asignaci\u00f3n de vacantes para el a\u00f1o siguiente ser\u00e1, seg\u00fan decreto 2299\/11-Resoluci\u00f3n 1650\/24 TOTAL DE VACANTES: 72 36 VACANTES EN ECONOMIA Y 36 VACANTES EN CS SOCIALES. Horarios: de 8:00hs a 11:00hs y&hellip;<\/p>\n","protected":false},"author":1,"featured_media":0,"comment_status":"closed","ping_status":"open","sticky":false,"template":"","format":"standard","meta":{"footnotes":""},"categories":[4,5,6,7],"tags":[],"class_list":["post-1330","post","type-post","status-publish","format-standard","hentry","category-administracion","category-inicio","category-primaria","category-secundaria"],"_links":{"self":[{"href":"https:\/\/escuelasantalucia.edu.ar\/index.php\/wp-json\/wp\/v2\/posts\/1330"}],"collection":[{"href":"https:\/\/escuelasantalucia.edu.ar\/index.php\/wp-json\/wp\/v2\/posts"}],"about":[{"href":"https:\/\/escuelasantalucia.edu.ar\/index.php\/wp-json\/wp\/v2\/types\/post"}],"author":[{"embeddable":true,"href":"https:\/\/escuelasantalucia.edu.ar\/index.php\/wp-json\/wp\/v2\/users\/1"}],"replies":[{"embeddable":true,"href":"https:\/\/escuelasantalucia.edu.ar\/index.php\/wp-json\/wp\/v2\/comments?post=1330"}],"version-history":[{"count":5,"href":"https:\/\/escuelasantalucia.edu.ar\/index.php\/wp-json\/wp\/v2\/posts\/1330\/revisions"}],"predecessor-version":[{"id":1335,"href":"https:\/\/escuelasantalucia.edu.ar\/index.php\/wp-json\/wp\/v2\/posts\/1330\/revisions\/1335"}],"wp:attachment":[{"href":"https:\/\/escuelasantalucia.edu.ar\/index.php\/wp-json\/wp\/v2\/media?parent=1330"}],"wp:term":[{"taxonomy":"category","embeddable":true,"href":"https:\/\/escuelasantalucia.edu.ar\/index.php\/wp-json\/wp\/v2\/categories?post=1330"},{"taxonomy":"post_tag","embeddable":true,"href":"https:\/\/escuelasantalucia.edu.ar\/index.php\/wp-json\/wp\/v2\/tags?post=1330"}],"curies":[{"name":"wp","href":"https:\/\/api.w.org\/{rel}","templated":true}]}}