{"id":1320,"date":"2024-10-24T17:27:35","date_gmt":"2024-10-24T17:27:35","guid":{"rendered":"https:\/\/escuelasantalucia.edu.ar\/?p=1320"},"modified":"2024-10-24T17:28:26","modified_gmt":"2024-10-24T17:28:26","slug":"inscripciones-1ano","status":"publish","type":"post","link":"https:\/\/escuelasantalucia.edu.ar\/index.php\/2024\/10\/24\/inscripciones-1ano\/","title":{"rendered":"INSCRIPCIONES 1\u00b0A\u00f1o"},"content":{"rendered":"\n<h2 class=\"wp-block-heading has-text-align-center\"><strong><u>REUNIONES DE PADRES &#8211; CICLO LECTIVO 2025<\/u><\/strong><\/h2>\n\n\n\n<h2 class=\"wp-block-heading has-text-align-center\"><strong><u>LEY DE EDUCACION NACIONAL 26.206 Y LEY PROVINCIAL 13688<\/u><\/strong><\/h2>\n\n\n\n<h2 class=\"wp-block-heading has-text-align-center\"><strong><mark style=\"background-color:rgba(0, 0, 0, 0)\" class=\"has-inline-color has-vivid-cyan-blue-color\">INSCRIPCIONES 1\u00ba a\u00f1o<\/mark><\/strong><\/h2>\n\n\n\n<div style=\"height:29px\" aria-hidden=\"true\" class=\"wp-block-spacer\"><\/div>\n\n\n\n<p>El orden para la asignaci\u00f3n de vacantes para el a\u00f1o siguiente ser\u00e1, seg\u00fan decreto 2299\/11-Resolucion 1650\/24&nbsp;TOTAL DE VACANTES: <strong>90 vacantes<\/strong><\/p>\n\n\n\n<div style=\"height:29px\" aria-hidden=\"true\" class=\"wp-block-spacer\"><\/div>\n\n\n\n<h3 class=\"wp-block-heading has-text-align-center\"><strong><u>Horarios: de 8:00hs a 11:00hs y de 13:00hs a 15:00hs<\/u><\/strong><\/h3>\n\n\n\n<p>Las vacantes y turnos ser\u00e1n asignadas conforme las siguientes prioridades:<\/p>\n\n\n\n<ol class=\"wp-block-list\">\n<li><strong>LUNES 25 DE NOVIEMBRE<\/strong>: Estudiantes con discapacidad y\/o trayectorias compartidas con la modalidad Educaci\u00f3n Especial (Presentando el <strong>CUD<\/strong> correspondiente \u2013 Certificado \u00danico de Discapacidad)<\/li>\n\n\n\n<li><strong>MARTES 26 DE NOVIEMBRE<\/strong>: Hermanas\/os de estudiantes del establecimiento educativo del nivel secundario ( EN EL CICLO LECTIVO VIGENTE 2024). (incluidos anexos y extensiones)<\/li>\n\n\n\n<li><strong>MARTES 26 DE NOVIEMBRE<\/strong>: Hermanas\/os de estudiantes del establecimiento educativo del nivel secundario ( EN EL CICLO LECTIVO VIGENTE 2024). (incluidos anexos y extensiones)<\/li>\n\n\n\n<li><strong>JUEVES 28 DE NOVIEMBRE: <\/strong>Estudiantes en condiciones de ser inscriptos que egresen de establecimientos que posean vinculaci\u00f3n institucional y\/o edilicia con la escuela.<\/li>\n\n\n\n<li><strong>VIERNES 29 DE NOVIEMBRE<\/strong>: Estudiantes con cercan\u00eda al establecimiento educativo al que solicita vacante e Hijas\/os del personal docente y no docente del establecimiento educativo y de los establecimientos que articulen pedag\u00f3gicamente.<\/li>\n\n\n\n<li><strong>Sorteo p\u00fablico: <\/strong>en caso que, luego de la consideraci\u00f3n de los \u00edtems anteriores, la cantidad de aspirantes exceda la cantidad de vacantes, se proceder\u00e1 a la realizaci\u00f3n de un sorteo por la Loter\u00eda de la Provincia de Buenos Aires. Dicho sorteo se realizar\u00e1 durante el mes de Diciembre, una vez finalizada la fecha de inscripci\u00f3n. La fecha del mismo la definir\u00e1 cada Jefatura Regional y ser\u00e1 comunicada con la debida anticipaci\u00f3n a las Jefaturas Distritales.<\/li>\n<\/ol>\n\n\n\n<p><strong><mark style=\"background-color:rgba(0, 0, 0, 0)\" class=\"has-inline-color has-vivid-red-color\">ACLARACION:<\/mark>&nbsp; Se notificar\u00e1 el relevamiento con respecto a la solicitud de vacante por turno. En caso de que la cantidad de aspirantes exceda la cantidad de vacantes, el d\u00eda 7 de diciembre se realizar\u00e1 el sorteo correspondiente y el d\u00eda 10 de diciembre se exhibir\u00e1 los estudiantes&nbsp; ingresantes por turno.<\/strong><\/p>\n\n\n\n<p><strong>1ro&nbsp; turno ma\u00f1ana: 30 vacantes<\/strong><\/p>\n\n\n\n<p><strong>1ro turno tarde: 60 vacantes<\/strong><\/p>\n\n\n\n<div style=\"height:29px\" aria-hidden=\"true\" class=\"wp-block-spacer\"><\/div>\n\n\n\n<h3 class=\"wp-block-heading\"><strong><u>DOCUMENTACION OBLIGATORIA PARA EL LEGAJO ALUMNOS 1\u00ba A\u00d1O 2025<\/u><\/strong><\/h3>\n\n\n\n<p>Presentando:<\/p>\n\n\n\n<ul class=\"wp-block-list\">\n<li>Constancia de pago de cuota 8\/2024(mes de octubre). Pago de matr\u00edcula. (puede ser personalmente o por transferencia).<\/li>\n\n\n\n<li>D.N.I&nbsp; actualizado,&nbsp; fotocopia, 1\u00b0 y 2\u00b0 hoja.<\/li>\n\n\n\n<li>Partida de Nacimiento (fotocopia).<\/li>\n\n\n\n<li>Constancia de Alumno Regular de 6\u00b0 a\u00f1o de E.P.<\/li>\n\n\n\n<li>Libreta Sanitaria Escolar &#8211; RESIDENTES EN MERLO: Hospital Eva Per\u00f3n (vacunatorio) solo los martes-Unidad Sanitaria N\u00b034 pedriel y viena: martes y mi\u00e9rcoles.<\/li>\n\n\n\n<li>Certificado de Agudeza Visual.<\/li>\n\n\n\n<li>Solicitud de Inscripci\u00f3n.<\/li>\n\n\n\n<li>Si renuncian a la vacante para pasar a otra instituci\u00f3n, se devolver\u00e1 el pago de matr\u00edcula hasta el 31\/12\/2024.&nbsp; Pasada esa fecha no se aceptar\u00e1n reclamos ni devoluciones.<\/li>\n<\/ul>\n\n\n\n<p><strong>ENTREGAR EN LA PRIMER SEMANA DE CLASES LA LISTA DE MATERIALES EN UNA BOLSA CON NOMBRE. PUEDEN PREVEER LA ADQUISICI\u00d3N DE LOS MISMOS.<\/strong><\/p>\n\n\n\n<div style=\"height:29px\" aria-hidden=\"true\" class=\"wp-block-spacer\"><\/div>\n\n\n\n<p><strong><mark style=\"background-color:rgba(0, 0, 0, 0)\" class=\"has-inline-color has-vivid-red-color\">Se presentar\u00e1 sin excepci\u00f3n: <em>Toda esta documentaci\u00f3n&nbsp; al equipo de preceptores para su control.<\/em><\/mark><\/strong><\/p>\n\n\n\n<p><strong><em><mark style=\"background-color:rgba(0, 0, 0, 0)\" class=\"has-inline-color has-vivid-red-color\">FECHA: DEL LUNES 2 AL VIERNES 6 DE DICIEMBRE DE 8HS A 11HS Y 14HS A 16HS<\/mark><\/em><\/strong><\/p>\n\n\n\n<ul class=\"wp-block-list\">\n<li><strong><em><mark style=\"background-color:rgba(0, 0, 0, 0)\" class=\"has-inline-color has-vivid-red-color\">Factura de matr\u00edcula paga abonado, cuaderno de comunicados se abonar\u00e1 al momento de la inscripci\u00f3n y entregar\u00e1 al inicio del ciclo lectivo.<\/mark><\/em><\/strong><\/li>\n\n\n\n<li><strong><em><mark style=\"background-color:rgba(0, 0, 0, 0)\" class=\"has-inline-color has-vivid-red-color\">Formularios completos, le\u00eddos y firmados.<\/mark><\/em><\/strong><\/li>\n\n\n\n<li><strong><em><mark style=\"background-color:rgba(0, 0, 0, 0)\" class=\"has-inline-color has-vivid-red-color\">Documentaci\u00f3n completa<\/mark><\/em><\/strong><\/li>\n\n\n\n<li><strong><em><mark style=\"background-color:rgba(0, 0, 0, 0)\" class=\"has-inline-color has-vivid-red-color\">MONTO DE LA INSCRIPCION:<\/mark><\/em><\/strong><\/li>\n\n\n\n<li><strong><em><mark style=\"background-color:rgba(0, 0, 0, 0)\" class=\"has-inline-color has-vivid-red-color\">CUADERNO DE COMUNICADOS: <\/mark><\/em><\/strong>&nbsp;&nbsp;&nbsp;&nbsp;&nbsp;&nbsp;&nbsp;&nbsp;&nbsp;&nbsp;&nbsp;&nbsp;&nbsp;<\/li>\n<\/ul>\n\n\n\n<div style=\"height:29px\" aria-hidden=\"true\" class=\"wp-block-spacer\"><\/div>\n\n\n\n<h3 class=\"wp-block-heading\"><strong><u>R\u00c9GIMEN&nbsp; ACAD\u00c9MICO PARA LA ESCUELA SECUNDARIA<\/u> Resoluci\u00f3n 1650\/24<\/strong><\/h3>\n\n\n\n<p>Las vacantes disponibles en cada escuela estar\u00e1n sujetas a la capacidad edilicia de la misma.<\/p>\n\n\n\n<ul class=\"wp-block-list\">\n<li><strong>1ro A TURNO MA\u00d1ANA: 30 VACANTES &#8212;&#8211; 1ro B-C TURNO TARDE: 60 VACANTES<\/strong><\/li>\n\n\n\n<li><strong><u>INGRESO<\/u><\/strong><strong>: TURNO MA\u00d1ANA 6:55hs &#8211; TURNO TARDE 12:35hs<\/strong><\/li>\n\n\n\n<li><strong><u>SALIDA<\/u><\/strong><strong>: TURNO MA\u00d1ANA 12:20hs &#8211;&nbsp;TURNO TARDE 18HS J-V 17HS<\/strong><\/li>\n\n\n\n<li><strong><u>CONTRA TURNO<\/u><\/strong><strong>: EDUCACION FISICA (DOS VECES POR SEMANA) \u2013 INFORM\u00c1TICA (UNA VEZ POR SEMANA)<\/strong><br><div style=\"height:29px\" aria-hidden=\"true\" class=\"wp-block-spacer\"><\/div><\/li>\n<\/ul>\n\n\n\n<h4 class=\"wp-block-heading\"><strong><em>LISTA DE MATERIALES-2025 &#8211; 1\u00b0 A\u00d1O-Secundaria<\/em><\/strong><\/h4>\n\n\n\n<p><strong>4 <em>Papel Higi\u00e9nico &#8211; 1 Block de hojas de color &#8211;\u00a0 1 Plasticola o Voligoma \u2013 1 Resaltador &#8211; 1 Fibr\u00f3n negro &#8211; 1 Fibr\u00f3n de color &#8211; 1 Cinta adhesiva ancha &#8211; 1 Cinta adhesiva chica &#8211; 1\u00a0 Un pincel para tempera \u2013 (Solo nenas) 1 Paquete Toallitas &#8211;  1 Caja de curitas &#8211; 1 Un paquete de banda el\u00e1stica \u2013 1 Alcohol .<\/em><\/strong><\/p>\n\n\n\n<p><strong><em>Equipo Directivo ESL<\/em><\/strong><\/p>\n","protected":false},"excerpt":{"rendered":"<p>REUNIONES DE PADRES &#8211; CICLO LECTIVO 2025 LEY DE EDUCACION NACIONAL 26.206 Y LEY PROVINCIAL 13688 INSCRIPCIONES 1\u00ba a\u00f1o El orden para la asignaci\u00f3n de vacantes para el a\u00f1o siguiente ser\u00e1, seg\u00fan decreto 2299\/11-Resolucion 1650\/24&nbsp;TOTAL DE VACANTES: 90 vacantes Horarios: de 8:00hs a 11:00hs y de 13:00hs a 15:00hs Las vacantes y turnos ser\u00e1n asignadas&hellip;<\/p>\n","protected":false},"author":1,"featured_media":0,"comment_status":"closed","ping_status":"open","sticky":false,"template":"","format":"standard","meta":{"footnotes":""},"categories":[4,5,6,7],"tags":[],"class_list":["post-1320","post","type-post","status-publish","format-standard","hentry","category-administracion","category-inicio","category-primaria","category-secundaria"],"_links":{"self":[{"href":"https:\/\/escuelasantalucia.edu.ar\/index.php\/wp-json\/wp\/v2\/posts\/1320"}],"collection":[{"href":"https:\/\/escuelasantalucia.edu.ar\/index.php\/wp-json\/wp\/v2\/posts"}],"about":[{"href":"https:\/\/escuelasantalucia.edu.ar\/index.php\/wp-json\/wp\/v2\/types\/post"}],"author":[{"embeddable":true,"href":"https:\/\/escuelasantalucia.edu.ar\/index.php\/wp-json\/wp\/v2\/users\/1"}],"replies":[{"embeddable":true,"href":"https:\/\/escuelasantalucia.edu.ar\/index.php\/wp-json\/wp\/v2\/comments?post=1320"}],"version-history":[{"count":8,"href":"https:\/\/escuelasantalucia.edu.ar\/index.php\/wp-json\/wp\/v2\/posts\/1320\/revisions"}],"predecessor-version":[{"id":1329,"href":"https:\/\/escuelasantalucia.edu.ar\/index.php\/wp-json\/wp\/v2\/posts\/1320\/revisions\/1329"}],"wp:attachment":[{"href":"https:\/\/escuelasantalucia.edu.ar\/index.php\/wp-json\/wp\/v2\/media?parent=1320"}],"wp:term":[{"taxonomy":"category","embeddable":true,"href":"https:\/\/escuelasantalucia.edu.ar\/index.php\/wp-json\/wp\/v2\/categories?post=1320"},{"taxonomy":"post_tag","embeddable":true,"href":"https:\/\/escuelasantalucia.edu.ar\/index.php\/wp-json\/wp\/v2\/tags?post=1320"}],"curies":[{"name":"wp","href":"https:\/\/api.w.org\/{rel}","templated":true}]}}