{"id":1315,"date":"2024-10-24T15:04:58","date_gmt":"2024-10-24T15:04:58","guid":{"rendered":"https:\/\/escuelasantalucia.edu.ar\/?p=1315"},"modified":"2024-10-24T15:04:59","modified_gmt":"2024-10-24T15:04:59","slug":"reinscripcion-2do-3ro-5to-y-6to-ano","status":"publish","type":"post","link":"https:\/\/escuelasantalucia.edu.ar\/index.php\/2024\/10\/24\/reinscripcion-2do-3ro-5to-y-6to-ano\/","title":{"rendered":"REINSCRIPCION 2do, 3ro, 5to y 6to\u00a0a\u00f1o\u00a0"},"content":{"rendered":"\n<h2 class=\"wp-block-heading has-text-align-center\"><strong><u>CICLO LECTIVO 2025<\/u><\/strong><\/h2>\n\n\n\n<h3 class=\"wp-block-heading has-text-align-center\"><strong><u>&nbsp;&nbsp;LEY DE EDUCACI\u00d3N NACIONAL 26.206 Y LEY PROVINCIAL 13688<\/u><\/strong><\/h3>\n\n\n\n<h4 class=\"wp-block-heading has-text-align-center\"><mark style=\"background-color:rgba(0, 0, 0, 0)\" class=\"has-inline-color has-vivid-cyan-blue-color\"><strong>REINSCRIPCI\u00d3N 2do, 3ro, 5to y 6to a\u00f1o<\/strong><\/mark><\/h4>\n\n\n\n<div style=\"height:30px\" aria-hidden=\"true\" class=\"wp-block-spacer\"><\/div>\n\n\n\n<p>El orden para la asignaci\u00f3n de vacantes para el a\u00f1o siguiente ser\u00e1, seg\u00fan decreto 2299\/11-Resoluci\u00f3n 1650\/24<\/p>\n\n\n\n<p>Las vacantes y turnos ser\u00e1n asignadas conforme las siguientes fechas, respetando el turno ya otorgado y en caso de solicitar un cambio de turno debe estar informado en el momento de la inscripci\u00f3n.<\/p>\n\n\n\n<div style=\"height:30px\" aria-hidden=\"true\" class=\"wp-block-spacer\"><\/div>\n\n\n\n<h3 class=\"wp-block-heading has-text-align-center\"><strong><u>Horarios: de 8:00hs a 11:00hs y de 13:00hs a 15:00hs<\/u><\/strong><\/h3>\n\n\n\n<p><strong>A PARTIR DEL LUNES 4 DE NOVIEMBRE<\/strong>: Estudiantes con discapacidad y\/o trayectorias compartidas con la modalidad Educaci\u00f3n Especial (Presentando el <strong>CUD<\/strong> correspondiente \u2013 Certificado \u00danico de Discapacidad) <strong>MARTES 5 DE NOVIEMBRE : TODOS LOS ESTUDIANTES DE LA INSTITUCI\u00d3N.<\/strong><\/p>\n\n\n\n<p><strong>Sorteo p\u00fablico: en caso que, luego de la consideraci\u00f3n de los \u00edtems anteriores, la cantidad de aspirantes exceda la cantidad de vacantes, se proceder\u00e1 a la realizaci\u00f3n de un sorteo por la Loter\u00eda de la Provincia de Buenos Aires. Dicho sorteo se realizar\u00e1 durante el mes de Diciembre, una vez finalizada la fecha de inscripci\u00f3n. La fecha del mismo la definir\u00e1 cada Jefatura Regional y ser\u00e1 comunicada con la debida anticipaci\u00f3n a las Jefaturas Distritales.<\/strong><\/p>\n\n\n\n<div style=\"height:30px\" aria-hidden=\"true\" class=\"wp-block-spacer\"><\/div>\n\n\n\n<h3 class=\"wp-block-heading has-text-align-center\"><strong><u>REQUISITOS PARA LA REINSCRIPCI\u00d3N<\/u><\/strong><\/h3>\n\n\n\n<p><strong><mark style=\"background-color:rgba(0, 0, 0, 0)\" class=\"has-inline-color has-vivid-red-color\">Constancia de pago&nbsp; cuota 9\/2024(mes de NOVIEMBRE). Pago de matr\u00edcula. (Se realiza en forma presencial Medios de pago: efectivo, transferencias, tarjeta de d\u00e9bito o cr\u00e9dito)<\/mark><\/strong><\/p>\n\n\n\n<p><strong><mark style=\"background-color:rgba(0, 0, 0, 0)\" class=\"has-inline-color has-vivid-cyan-blue-color\">Se presentar\u00e1 sin excepci\u00f3n:<\/mark><em><mark style=\"background-color:rgba(0, 0, 0, 0)\" class=\"has-inline-color has-vivid-cyan-blue-color\"> Toda esta documentaci\u00f3n&nbsp; al equipo de preceptores para su control.<\/mark><\/em><\/strong><\/p>\n\n\n\n<ul class=\"wp-block-list\">\n<li><mark style=\"background-color:rgba(0, 0, 0, 0)\" class=\"has-inline-color has-vivid-cyan-blue-color\"><strong><em>Factura de matr\u00edcula paga, cuaderno de comunicados se abonar\u00e1 al momento de la inscripci\u00f3n y entregar\u00e1 al inicio del ciclo lectivo.<\/em><\/strong><\/mark><\/li>\n\n\n\n<li><strong><em><mark style=\"background-color:rgba(0, 0, 0, 0)\" class=\"has-inline-color has-vivid-cyan-blue-color\">Planilla de actualizaci\u00f3n de datos<\/mark><\/em><\/strong><\/li>\n\n\n\n<li><strong><em><mark style=\"background-color:rgba(0, 0, 0, 0)\" class=\"has-inline-color has-vivid-cyan-blue-color\">tal\u00f3n de ficha de inscripci\u00f3n a la orientaci\u00f3n.<\/mark><\/em><\/strong><\/li>\n\n\n\n<li><strong><em><mark style=\"background-color:rgba(0, 0, 0, 0)\" class=\"has-inline-color has-vivid-cyan-blue-color\">Documentaci\u00f3n completa, si faltara.<\/mark><\/em><\/strong><\/li>\n<\/ul>\n\n\n\n<p><strong><em><br><mark style=\"background-color:rgba(0, 0, 0, 0)\" class=\"has-inline-color has-vivid-cyan-blue-color\">MONTO DE LA INSCRIPCION :\u00a0$61000 ( incluido cuaderno de comunicados y formularios <\/mark>)<\/em><\/strong><\/p>\n\n\n\n<div style=\"height:30px\" aria-hidden=\"true\" class=\"wp-block-spacer\"><\/div>\n\n\n\n<h3 class=\"wp-block-heading\"><strong><u>R\u00c9GIMEN\u00a0 ACAD\u00c9MICO PARA LA ESCUELA SECUNDARIA<\/u> Resoluci\u00f3n 1650\/24<\/strong><\/h3>\n\n\n\n<p>Las vacantes disponibles en cada escuela estar\u00e1n sujetas a la capacidad edilicia de la misma.<\/p>\n\n\n\n<ul class=\"wp-block-list\">\n<li><strong><u>INGRESO<\/u><\/strong><strong>: TURNO MA\u00d1ANA 6:55hs &#8211; TURNO TARDE 12.35hs<\/strong><\/li>\n\n\n\n<li><strong><u>SALIDA<\/u><\/strong><strong>: TURNO MA\u00d1ANA 12:20HS &#8211; TURNO TARDE 18HS J-V 17HS<\/strong><\/li>\n\n\n\n<li><strong><u>CONTRA TURNO<\/u><\/strong><strong> : EDUCACION FISICA ( DOS VECES POR SEMANA) \u2013 INFORM\u00c1TICA (UNA VEZ POR SEMANA)<\/strong><\/li>\n<\/ul>\n\n\n\n<p><strong><em>Equipo Directivo ESL<\/em><\/strong><\/p>\n","protected":false},"excerpt":{"rendered":"<p>CICLO LECTIVO 2025 &nbsp;&nbsp;LEY DE EDUCACI\u00d3N NACIONAL 26.206 Y LEY PROVINCIAL 13688 REINSCRIPCI\u00d3N 2do, 3ro, 5to y 6to a\u00f1o El orden para la asignaci\u00f3n de vacantes para el a\u00f1o siguiente ser\u00e1, seg\u00fan decreto 2299\/11-Resoluci\u00f3n 1650\/24 Las vacantes y turnos ser\u00e1n asignadas conforme las siguientes fechas, respetando el turno ya otorgado y en caso de solicitar&hellip;<\/p>\n","protected":false},"author":1,"featured_media":0,"comment_status":"closed","ping_status":"open","sticky":false,"template":"","format":"standard","meta":{"footnotes":""},"categories":[4,5,6,7],"tags":[],"class_list":["post-1315","post","type-post","status-publish","format-standard","hentry","category-administracion","category-inicio","category-primaria","category-secundaria"],"_links":{"self":[{"href":"https:\/\/escuelasantalucia.edu.ar\/index.php\/wp-json\/wp\/v2\/posts\/1315"}],"collection":[{"href":"https:\/\/escuelasantalucia.edu.ar\/index.php\/wp-json\/wp\/v2\/posts"}],"about":[{"href":"https:\/\/escuelasantalucia.edu.ar\/index.php\/wp-json\/wp\/v2\/types\/post"}],"author":[{"embeddable":true,"href":"https:\/\/escuelasantalucia.edu.ar\/index.php\/wp-json\/wp\/v2\/users\/1"}],"replies":[{"embeddable":true,"href":"https:\/\/escuelasantalucia.edu.ar\/index.php\/wp-json\/wp\/v2\/comments?post=1315"}],"version-history":[{"count":4,"href":"https:\/\/escuelasantalucia.edu.ar\/index.php\/wp-json\/wp\/v2\/posts\/1315\/revisions"}],"predecessor-version":[{"id":1319,"href":"https:\/\/escuelasantalucia.edu.ar\/index.php\/wp-json\/wp\/v2\/posts\/1315\/revisions\/1319"}],"wp:attachment":[{"href":"https:\/\/escuelasantalucia.edu.ar\/index.php\/wp-json\/wp\/v2\/media?parent=1315"}],"wp:term":[{"taxonomy":"category","embeddable":true,"href":"https:\/\/escuelasantalucia.edu.ar\/index.php\/wp-json\/wp\/v2\/categories?post=1315"},{"taxonomy":"post_tag","embeddable":true,"href":"https:\/\/escuelasantalucia.edu.ar\/index.php\/wp-json\/wp\/v2\/tags?post=1315"}],"curies":[{"name":"wp","href":"https:\/\/api.w.org\/{rel}","templated":true}]}}