{"id":1249,"date":"2024-09-17T23:53:15","date_gmt":"2024-09-17T23:53:15","guid":{"rendered":"https:\/\/escuelasantalucia.edu.ar\/?p=1249"},"modified":"2024-09-18T14:06:48","modified_gmt":"2024-09-18T14:06:48","slug":"inscripcion-ciclo-lectivo-2025","status":"publish","type":"post","link":"https:\/\/escuelasantalucia.edu.ar\/index.php\/2024\/09\/17\/inscripcion-ciclo-lectivo-2025\/","title":{"rendered":"INSCRIPCI\u00d3N PRIMARIA CICLO LECTIVO 2025"},"content":{"rendered":"\n<h2 class=\"wp-block-heading has-text-align-center\">ESCUELA SANTA LUCIA<\/h2>\n\n\n\n<h3 class=\"wp-block-heading has-text-align-center\">PRIMARIA<\/h3>\n\n\n\n<p class=\"has-text-align-center\"><strong>CONGREGACI\u00d3N HIJAS DE NUESTRA SE\u00d1ORA DEL MONTE CALVARIO<\/strong><\/p>\n\n\n\n<p class=\"has-text-align-center\">DIPREGEP2571-7259 CEC 18-22, 18-27 BERTOLE 1790 MERLO NORTE<\/p>\n\n\n\n<h2 class=\"wp-block-heading has-text-align-center\"><strong><mark style=\"background-color:rgba(0, 0, 0, 0)\" class=\"has-inline-color has-luminous-vivid-amber-color\">INSCRIPCI\u00d3N CICLO LECTIVO 2025<\/mark><\/strong><\/h2>\n\n\n\n<p class=\"has-text-align-center\"><strong>1\u00ba A\u00d1O EPB SEG\u00daN EL SIGUIENTE ORDEN HASTA AGOTAR VACANTES<\/strong><\/p>\n\n\n\n<figure class=\"wp-block-table\"><table><tbody><tr><td class=\"has-text-align-left\" data-align=\"left\">Hermanos de alumnos de la Escuela.<br>Hijos del personal.<br>Hijos de Ex alumnos.<\/td><td class=\"has-text-align-center\" data-align=\"center\">Jueves 3 de Octubre de 08:00hs a 11:00hs y de 13:00hs a 15:00hs<\/td><\/tr><tr><td class=\"has-text-align-left\" data-align=\"left\">Alumnos del Jard\u00edn Medalla Milagrosa<\/td><td class=\"has-text-align-center\" data-align=\"center\">Viernes 4 de Octubre de 08:00hs a 11:00hs y de 13:00hs a 15:00hs<\/td><\/tr><tr><td class=\"has-text-align-left\" data-align=\"left\">Alumnos del Jard\u00edn 912<\/td><td class=\"has-text-align-center\" data-align=\"center\">Lunes 7 de Octubre de 08:00hs a 11:00hs y de 13:00hs a 15:00hs<\/td><\/tr><tr><td class=\"has-text-align-left\" data-align=\"left\">Alumnos de otros jardines<\/td><td class=\"has-text-align-center\" data-align=\"center\">Del 8 al 31 de Octubre continua abierta la<br>inscripci\u00f3n hasta cubrir todas las vacantes<\/td><\/tr><\/tbody><\/table><\/figure>\n\n\n\n<h2 class=\"wp-block-heading\">DOCUMENTACI\u00d3N NECESARIA<\/h2>\n\n\n\n<ul class=\"wp-block-list\">\n<li>Constancia de alumno regular del Jard\u00edn de procedencia.<\/li>\n\n\n\n<li>Certificados de vacunaci\u00f3n (fotocopias), pase del Jard\u00edn de procedencia.<\/li>\n\n\n\n<li>Libre deuda (Si es privado).<\/li>\n\n\n\n<li>Certificado de Bautismo.<\/li>\n\n\n\n<li><strong>DNI <\/strong>Original y fotocopia.<\/li>\n\n\n\n<li>Contrato de Cedula Escolar Completo de ambos lados (Retirar en Administraci\u00f3n).<\/li>\n\n\n\n<li>Partida de nacimiento original y fotocopia.<\/li>\n\n\n\n<li>Comprobante de la cuota 7 (Mes de Septiembre &#8211; Hermanos).<\/li>\n<\/ul>\n\n\n\n<div style=\"height:100px\" aria-hidden=\"true\" class=\"wp-block-spacer\"><\/div>\n\n\n\n<h4 class=\"wp-block-heading\"><strong>REINSCRIPCI\u00d3N ALUMNOS DE 2\u00ba A 6\u00ba<\/strong> A partir de 20 noviembre hasta el 20 de diciembre<br>2024<\/h4>\n\n\n\n<p>Con constancia de pago de la cuota 9, cuaderno de comunicados, contrato de prestaci\u00f3n de<br>servicios.<\/p>\n\n\n\n<figure class=\"wp-block-table\"><table><tbody><tr><td>FECHA<\/td><td>CURSO EN 2024<\/td><\/tr><tr><td>20\/11<\/td><td><strong>1<\/strong>\u00b0 A-B-C-D<\/td><\/tr><tr><td>21\/11<\/td><td><strong>2\u00b0 <\/strong>A-B-C-D<\/td><\/tr><tr><td>22\/11<\/td><td><strong>3\u00b0<\/strong> A-B-C-D<\/td><\/tr><tr><td>25\/11<\/td><td><strong>4\u00b0<\/strong> A-B-C-D<\/td><\/tr><tr><td>26\/11<\/td><td><strong>5\u00b0 <\/strong>A-B-C-D<\/td><\/tr><\/tbody><\/table><\/figure>\n\n\n\n<p><strong>ALUMNOS NUEVOS<\/strong> 2\u00ba A 6\u00ba y cambios de turno partir del 2 de diciembre en lista de espera acercarse a<br>secretaria de primaria.<\/p>\n\n\n\n<p><strong>LOS FORMULARIOS DE INSCRIPCI\u00d3N SE ENTREGAR\u00c1N EN SECRETARIA DE PRIMARIA UNA VEZ<br>OTORGADA LA VACANTE Y ABONADA LA MATRICULA.<\/strong><\/p>\n\n\n\n<p><strong>LOS CUADERNOS DE COMUNICADOS SE ABONAN AL MOMENTO DE LA INSCRIPCI\u00d3N.<\/strong><\/p>\n\n\n\n<p><strong>EL VALOR DE LA MATRICULA PARA 1\u00ba A\u00d1O PRIMARIA $ 60.000<\/strong><\/p>\n","protected":false},"excerpt":{"rendered":"<p>ESCUELA SANTA LUCIA PRIMARIA CONGREGACI\u00d3N HIJAS DE NUESTRA SE\u00d1ORA DEL MONTE CALVARIO DIPREGEP2571-7259 CEC 18-22, 18-27 BERTOLE 1790 MERLO NORTE INSCRIPCI\u00d3N CICLO LECTIVO 2025 1\u00ba A\u00d1O EPB SEG\u00daN EL SIGUIENTE ORDEN HASTA AGOTAR VACANTES Hermanos de alumnos de la Escuela.Hijos del personal.Hijos de Ex alumnos. Jueves 3 de Octubre de 08:00hs a 11:00hs y de&hellip;<\/p>\n","protected":false},"author":1,"featured_media":0,"comment_status":"closed","ping_status":"open","sticky":false,"template":"","format":"standard","meta":{"footnotes":""},"categories":[4,5,6],"tags":[],"class_list":["post-1249","post","type-post","status-publish","format-standard","hentry","category-administracion","category-inicio","category-primaria"],"_links":{"self":[{"href":"https:\/\/escuelasantalucia.edu.ar\/index.php\/wp-json\/wp\/v2\/posts\/1249"}],"collection":[{"href":"https:\/\/escuelasantalucia.edu.ar\/index.php\/wp-json\/wp\/v2\/posts"}],"about":[{"href":"https:\/\/escuelasantalucia.edu.ar\/index.php\/wp-json\/wp\/v2\/types\/post"}],"author":[{"embeddable":true,"href":"https:\/\/escuelasantalucia.edu.ar\/index.php\/wp-json\/wp\/v2\/users\/1"}],"replies":[{"embeddable":true,"href":"https:\/\/escuelasantalucia.edu.ar\/index.php\/wp-json\/wp\/v2\/comments?post=1249"}],"version-history":[{"count":10,"href":"https:\/\/escuelasantalucia.edu.ar\/index.php\/wp-json\/wp\/v2\/posts\/1249\/revisions"}],"predecessor-version":[{"id":1260,"href":"https:\/\/escuelasantalucia.edu.ar\/index.php\/wp-json\/wp\/v2\/posts\/1249\/revisions\/1260"}],"wp:attachment":[{"href":"https:\/\/escuelasantalucia.edu.ar\/index.php\/wp-json\/wp\/v2\/media?parent=1249"}],"wp:term":[{"taxonomy":"category","embeddable":true,"href":"https:\/\/escuelasantalucia.edu.ar\/index.php\/wp-json\/wp\/v2\/categories?post=1249"},{"taxonomy":"post_tag","embeddable":true,"href":"https:\/\/escuelasantalucia.edu.ar\/index.php\/wp-json\/wp\/v2\/tags?post=1249"}],"curies":[{"name":"wp","href":"https:\/\/api.w.org\/{rel}","templated":true}]}}